{"id":952,"date":"2025-08-29T08:22:45","date_gmt":"2025-08-29T08:22:45","guid":{"rendered":"http:\/\/cooperationlentillykouila.org\/?p=952"},"modified":"2025-08-29T09:00:28","modified_gmt":"2025-08-29T09:00:28","slug":"lettre-dinformation-exceptionnelle-pour-les-40-ans-de-lassociation","status":"publish","type":"post","link":"https:\/\/cooperationlentillykouila.org\/?p=952","title":{"rendered":"Lettre d&rsquo;information exceptionnelle pour les 40 ans de l&rsquo;association"},"content":{"rendered":"\n<p><br \/>\u00a0 \u00a0 \u00a0 \u00a0 \u00a0 \u00a0 \u00a0 \u00a0 Chers Sympathisants du jumelage, <br \/>\u00a0 \u00a0 \u00a0 \u00a0 \u00a0 \u00a0 \u00a0 \u00a0 Nous allons f\u00eater les 40 ans de l&rsquo;association, ainsi que les 13 ans de l&rsquo;officialisation du<br \/>\u00a0 \u00a0 \u00a0 \u00a0 \u00a0 \u00a0 \u00a0 \u00a0 jumelage coop\u00e9ration Lentilly Kouila.<br \/>\u00a0 \u00a0 \u00a0 \u00a0 \u00a0 \u00a0 \u00a0 \u00a0 Nos actions continuent, malgr\u00e9 les difficult\u00e9s li\u00e9es \u00e0 l&rsquo;ins\u00e9curit\u00e9 au Burkina Faso,<br \/>\u00a0 \u00a0 \u00a0 \u00a0 \u00a0 \u00a0 \u00a0 \u00a0 les r\u00e9ussites scolaires des enfants , gr\u00e2ce \u00e0 une alimentation r\u00e9guli\u00e8re, nous oblige <br \/>\u00a0 \u00a0 \u00a0 \u00a0 \u00a0 \u00a0 \u00a0 \u00a0 \u00e0 la poursuite de nos actions : ci-dessous, l&rsquo;affiche des festivit\u00e9s les 2, 3 et 5 octobre 2025.\u00a0<br \/>\u00a0 \u00a0 \u00a0 \u00a0 \u00a0 \u00a0 \u00a0 \u00a0 \u00a0Venez nombreux pour partager ces bons moments, et parlez-en autour de vous \u2026<br \/>\u00a0 \u00a0 \u00a0 \u00a0 \u00a0 \u00a0 \u00a0 \u00a0 \u00a0A bient\u00f4t.<\/p>\n\n\n\n<figure class=\"wp-block-image size-large\"><a href=\"http:\/\/cooperationlentillykouila.org\/wp-content\/uploads\/2025\/08\/Fetons-les-40-ans-avec-Kouila.jpg\"><img loading=\"lazy\" decoding=\"async\" width=\"1020\" height=\"1442\" src=\"http:\/\/cooperationlentillykouila.org\/wp-content\/uploads\/2025\/08\/Fetons-les-40-ans-avec-Kouila-1020x1442.jpg\" alt=\"\" class=\"wp-image-955\" srcset=\"https:\/\/cooperationlentillykouila.org\/wp-content\/uploads\/2025\/08\/Fetons-les-40-ans-avec-Kouila-1020x1442.jpg 1020w, https:\/\/cooperationlentillykouila.org\/wp-content\/uploads\/2025\/08\/Fetons-les-40-ans-avec-Kouila-632x894.jpg 632w, https:\/\/cooperationlentillykouila.org\/wp-content\/uploads\/2025\/08\/Fetons-les-40-ans-avec-Kouila-768x1086.jpg 768w, https:\/\/cooperationlentillykouila.org\/wp-content\/uploads\/2025\/08\/Fetons-les-40-ans-avec-Kouila.jpg 1080w\" sizes=\"auto, (max-width: 1020px) 100vw, 1020px\" \/><\/a><\/figure>\n","protected":false},"excerpt":{"rendered":"<p>\u00a0 \u00a0 \u00a0 \u00a0 \u00a0 \u00a0 \u00a0 \u00a0 Chers Sympathisants du jumelage, \u00a0 \u00a0 \u00a0 \u00a0 \u00a0 \u00a0 \u00a0 \u00a0 Nous allons f\u00eater les 40 ans de l&rsquo;association, ainsi que les 13 ans de l&rsquo;officialisation [&hellip;]<\/p>\n","protected":false},"author":2,"featured_media":959,"comment_status":"closed","ping_status":"closed","sticky":false,"template":"","format":"standard","meta":{"_acf_changed":false,"footnotes":""},"categories":[1],"tags":[],"class_list":["post-952","post","type-post","status-publish","format-standard","has-post-thumbnail","hentry","category-non-classe"],"acf":[],"yoast_head":"<!-- This site is optimized with the Yoast SEO plugin v27.5 - https:\/\/yoast.com\/product\/yoast-seo-wordpress\/ -->\n<title>Lettre d&#039;information exceptionnelle pour les 40 ans de l&#039;association - Coop\u00e9ration Lentilly Kouila<\/title>\n<meta name=\"robots\" content=\"index, follow, max-snippet:-1, max-image-preview:large, max-video-preview:-1\" \/>\n<link rel=\"canonical\" href=\"https:\/\/cooperationlentillykouila.org\/?p=952\" \/>\n<meta property=\"og:locale\" content=\"fr_FR\" \/>\n<meta property=\"og:type\" content=\"article\" \/>\n<meta property=\"og:title\" content=\"Lettre d&#039;information exceptionnelle pour les 40 ans de l&#039;association - Coop\u00e9ration Lentilly Kouila\" \/>\n<meta property=\"og:description\" content=\"\u00a0 \u00a0 \u00a0 \u00a0 \u00a0 \u00a0 \u00a0 \u00a0 Chers Sympathisants du jumelage, \u00a0 \u00a0 \u00a0 \u00a0 \u00a0 \u00a0 \u00a0 \u00a0 Nous allons f\u00eater les 40 ans de l&rsquo;association, ainsi que les 13 ans de l&rsquo;officialisation [&hellip;]\" \/>\n<meta property=\"og:url\" content=\"https:\/\/cooperationlentillykouila.org\/?p=952\" \/>\n<meta property=\"og:site_name\" content=\"Coop\u00e9ration Lentilly Kouila\" \/>\n<meta property=\"article:published_time\" content=\"2025-08-29T08:22:45+00:00\" \/>\n<meta property=\"article:modified_time\" content=\"2025-08-29T09:00:28+00:00\" \/>\n<meta property=\"og:image\" content=\"https:\/\/cooperationlentillykouila.org\/wp-content\/uploads\/2025\/08\/Yaaba_01-3ac3821b547c.jpeg\" \/>\n\t<meta property=\"og:image:width\" content=\"1200\" \/>\n\t<meta property=\"og:image:height\" content=\"715\" \/>\n\t<meta property=\"og:image:type\" content=\"image\/jpeg\" \/>\n<meta name=\"author\" content=\"Le Comit\u00e9\" \/>\n<meta name=\"twitter:card\" content=\"summary_large_image\" \/>\n<meta name=\"twitter:label1\" content=\"\u00c9crit par\" \/>\n\t<meta name=\"twitter:data1\" content=\"Le Comit\u00e9\" \/>\n\t<meta name=\"twitter:label2\" content=\"Dur\u00e9e de lecture est.\" \/>\n\t<meta name=\"twitter:data2\" content=\"1 minute\" \/>\n<script type=\"application\/ld+json\" class=\"yoast-schema-graph\">{\"@context\":\"https:\\\/\\\/schema.org\",\"@graph\":[{\"@type\":\"Article\",\"@id\":\"https:\\\/\\\/cooperationlentillykouila.org\\\/?p=952#article\",\"isPartOf\":{\"@id\":\"https:\\\/\\\/cooperationlentillykouila.org\\\/?p=952\"},\"author\":{\"name\":\"Le Comit\u00e9\",\"@id\":\"https:\\\/\\\/cooperationlentillykouila.org\\\/#\\\/schema\\\/person\\\/fb5a2a2569a211cc7c5c9c7d9519feee\"},\"headline\":\"Lettre d&rsquo;information exceptionnelle pour les 40 ans de l&rsquo;association\",\"datePublished\":\"2025-08-29T08:22:45+00:00\",\"dateModified\":\"2025-08-29T09:00:28+00:00\",\"mainEntityOfPage\":{\"@id\":\"https:\\\/\\\/cooperationlentillykouila.org\\\/?p=952\"},\"wordCount\":95,\"image\":{\"@id\":\"https:\\\/\\\/cooperationlentillykouila.org\\\/?p=952#primaryimage\"},\"thumbnailUrl\":\"https:\\\/\\\/cooperationlentillykouila.org\\\/wp-content\\\/uploads\\\/2025\\\/08\\\/Yaaba_01-3ac3821b547c.jpeg\",\"inLanguage\":\"fr-BE\"},{\"@type\":\"WebPage\",\"@id\":\"https:\\\/\\\/cooperationlentillykouila.org\\\/?p=952\",\"url\":\"https:\\\/\\\/cooperationlentillykouila.org\\\/?p=952\",\"name\":\"Lettre d'information exceptionnelle pour les 40 ans de l'association - Coop\u00e9ration Lentilly Kouila\",\"isPartOf\":{\"@id\":\"https:\\\/\\\/cooperationlentillykouila.org\\\/#website\"},\"primaryImageOfPage\":{\"@id\":\"https:\\\/\\\/cooperationlentillykouila.org\\\/?p=952#primaryimage\"},\"image\":{\"@id\":\"https:\\\/\\\/cooperationlentillykouila.org\\\/?p=952#primaryimage\"},\"thumbnailUrl\":\"https:\\\/\\\/cooperationlentillykouila.org\\\/wp-content\\\/uploads\\\/2025\\\/08\\\/Yaaba_01-3ac3821b547c.jpeg\",\"datePublished\":\"2025-08-29T08:22:45+00:00\",\"dateModified\":\"2025-08-29T09:00:28+00:00\",\"author\":{\"@id\":\"https:\\\/\\\/cooperationlentillykouila.org\\\/#\\\/schema\\\/person\\\/fb5a2a2569a211cc7c5c9c7d9519feee\"},\"breadcrumb\":{\"@id\":\"https:\\\/\\\/cooperationlentillykouila.org\\\/?p=952#breadcrumb\"},\"inLanguage\":\"fr-BE\",\"potentialAction\":[{\"@type\":\"ReadAction\",\"target\":[\"https:\\\/\\\/cooperationlentillykouila.org\\\/?p=952\"]}]},{\"@type\":\"ImageObject\",\"inLanguage\":\"fr-BE\",\"@id\":\"https:\\\/\\\/cooperationlentillykouila.org\\\/?p=952#primaryimage\",\"url\":\"https:\\\/\\\/cooperationlentillykouila.org\\\/wp-content\\\/uploads\\\/2025\\\/08\\\/Yaaba_01-3ac3821b547c.jpeg\",\"contentUrl\":\"https:\\\/\\\/cooperationlentillykouila.org\\\/wp-content\\\/uploads\\\/2025\\\/08\\\/Yaaba_01-3ac3821b547c.jpeg\",\"width\":1200,\"height\":715},{\"@type\":\"BreadcrumbList\",\"@id\":\"https:\\\/\\\/cooperationlentillykouila.org\\\/?p=952#breadcrumb\",\"itemListElement\":[{\"@type\":\"ListItem\",\"position\":1,\"name\":\"Home\",\"item\":\"https:\\\/\\\/cooperationlentillykouila.org\\\/\"},{\"@type\":\"ListItem\",\"position\":2,\"name\":\"Lettre d&rsquo;information exceptionnelle pour les 40 ans de l&rsquo;association\"}]},{\"@type\":\"WebSite\",\"@id\":\"https:\\\/\\\/cooperationlentillykouila.org\\\/#website\",\"url\":\"https:\\\/\\\/cooperationlentillykouila.org\\\/\",\"name\":\"Coop\u00e9ration Lentilly Kouila\",\"description\":\"\",\"potentialAction\":[{\"@type\":\"SearchAction\",\"target\":{\"@type\":\"EntryPoint\",\"urlTemplate\":\"https:\\\/\\\/cooperationlentillykouila.org\\\/?s={search_term_string}\"},\"query-input\":{\"@type\":\"PropertyValueSpecification\",\"valueRequired\":true,\"valueName\":\"search_term_string\"}}],\"inLanguage\":\"fr-BE\"},{\"@type\":\"Person\",\"@id\":\"https:\\\/\\\/cooperationlentillykouila.org\\\/#\\\/schema\\\/person\\\/fb5a2a2569a211cc7c5c9c7d9519feee\",\"name\":\"Le Comit\u00e9\",\"image\":{\"@type\":\"ImageObject\",\"inLanguage\":\"fr-BE\",\"@id\":\"https:\\\/\\\/secure.gravatar.com\\\/avatar\\\/1e28eb5b66297678f9cf940e2f031e8bc4deee8a50cec8f6fc52c3ce9aad802e?s=96&d=mm&r=g\",\"url\":\"https:\\\/\\\/secure.gravatar.com\\\/avatar\\\/1e28eb5b66297678f9cf940e2f031e8bc4deee8a50cec8f6fc52c3ce9aad802e?s=96&d=mm&r=g\",\"contentUrl\":\"https:\\\/\\\/secure.gravatar.com\\\/avatar\\\/1e28eb5b66297678f9cf940e2f031e8bc4deee8a50cec8f6fc52c3ce9aad802e?s=96&d=mm&r=g\",\"caption\":\"Le Comit\u00e9\"}}]}<\/script>\n<!-- \/ Yoast SEO plugin. -->","yoast_head_json":{"title":"Lettre d'information exceptionnelle pour les 40 ans de l'association - Coop\u00e9ration Lentilly Kouila","robots":{"index":"index","follow":"follow","max-snippet":"max-snippet:-1","max-image-preview":"max-image-preview:large","max-video-preview":"max-video-preview:-1"},"canonical":"https:\/\/cooperationlentillykouila.org\/?p=952","og_locale":"fr_FR","og_type":"article","og_title":"Lettre d'information exceptionnelle pour les 40 ans de l'association - Coop\u00e9ration Lentilly Kouila","og_description":"\u00a0 \u00a0 \u00a0 \u00a0 \u00a0 \u00a0 \u00a0 \u00a0 Chers Sympathisants du jumelage, \u00a0 \u00a0 \u00a0 \u00a0 \u00a0 \u00a0 \u00a0 \u00a0 Nous allons f\u00eater les 40 ans de l&rsquo;association, ainsi que les 13 ans de l&rsquo;officialisation [&hellip;]","og_url":"https:\/\/cooperationlentillykouila.org\/?p=952","og_site_name":"Coop\u00e9ration Lentilly Kouila","article_published_time":"2025-08-29T08:22:45+00:00","article_modified_time":"2025-08-29T09:00:28+00:00","og_image":[{"width":1200,"height":715,"url":"https:\/\/cooperationlentillykouila.org\/wp-content\/uploads\/2025\/08\/Yaaba_01-3ac3821b547c.jpeg","type":"image\/jpeg"}],"author":"Le Comit\u00e9","twitter_card":"summary_large_image","twitter_misc":{"\u00c9crit par":"Le Comit\u00e9","Dur\u00e9e de lecture est.":"1 minute"},"schema":{"@context":"https:\/\/schema.org","@graph":[{"@type":"Article","@id":"https:\/\/cooperationlentillykouila.org\/?p=952#article","isPartOf":{"@id":"https:\/\/cooperationlentillykouila.org\/?p=952"},"author":{"name":"Le Comit\u00e9","@id":"https:\/\/cooperationlentillykouila.org\/#\/schema\/person\/fb5a2a2569a211cc7c5c9c7d9519feee"},"headline":"Lettre d&rsquo;information exceptionnelle pour les 40 ans de l&rsquo;association","datePublished":"2025-08-29T08:22:45+00:00","dateModified":"2025-08-29T09:00:28+00:00","mainEntityOfPage":{"@id":"https:\/\/cooperationlentillykouila.org\/?p=952"},"wordCount":95,"image":{"@id":"https:\/\/cooperationlentillykouila.org\/?p=952#primaryimage"},"thumbnailUrl":"https:\/\/cooperationlentillykouila.org\/wp-content\/uploads\/2025\/08\/Yaaba_01-3ac3821b547c.jpeg","inLanguage":"fr-BE"},{"@type":"WebPage","@id":"https:\/\/cooperationlentillykouila.org\/?p=952","url":"https:\/\/cooperationlentillykouila.org\/?p=952","name":"Lettre d'information exceptionnelle pour les 40 ans de l'association - Coop\u00e9ration Lentilly Kouila","isPartOf":{"@id":"https:\/\/cooperationlentillykouila.org\/#website"},"primaryImageOfPage":{"@id":"https:\/\/cooperationlentillykouila.org\/?p=952#primaryimage"},"image":{"@id":"https:\/\/cooperationlentillykouila.org\/?p=952#primaryimage"},"thumbnailUrl":"https:\/\/cooperationlentillykouila.org\/wp-content\/uploads\/2025\/08\/Yaaba_01-3ac3821b547c.jpeg","datePublished":"2025-08-29T08:22:45+00:00","dateModified":"2025-08-29T09:00:28+00:00","author":{"@id":"https:\/\/cooperationlentillykouila.org\/#\/schema\/person\/fb5a2a2569a211cc7c5c9c7d9519feee"},"breadcrumb":{"@id":"https:\/\/cooperationlentillykouila.org\/?p=952#breadcrumb"},"inLanguage":"fr-BE","potentialAction":[{"@type":"ReadAction","target":["https:\/\/cooperationlentillykouila.org\/?p=952"]}]},{"@type":"ImageObject","inLanguage":"fr-BE","@id":"https:\/\/cooperationlentillykouila.org\/?p=952#primaryimage","url":"https:\/\/cooperationlentillykouila.org\/wp-content\/uploads\/2025\/08\/Yaaba_01-3ac3821b547c.jpeg","contentUrl":"https:\/\/cooperationlentillykouila.org\/wp-content\/uploads\/2025\/08\/Yaaba_01-3ac3821b547c.jpeg","width":1200,"height":715},{"@type":"BreadcrumbList","@id":"https:\/\/cooperationlentillykouila.org\/?p=952#breadcrumb","itemListElement":[{"@type":"ListItem","position":1,"name":"Home","item":"https:\/\/cooperationlentillykouila.org\/"},{"@type":"ListItem","position":2,"name":"Lettre d&rsquo;information exceptionnelle pour les 40 ans de l&rsquo;association"}]},{"@type":"WebSite","@id":"https:\/\/cooperationlentillykouila.org\/#website","url":"https:\/\/cooperationlentillykouila.org\/","name":"Coop\u00e9ration Lentilly Kouila","description":"","potentialAction":[{"@type":"SearchAction","target":{"@type":"EntryPoint","urlTemplate":"https:\/\/cooperationlentillykouila.org\/?s={search_term_string}"},"query-input":{"@type":"PropertyValueSpecification","valueRequired":true,"valueName":"search_term_string"}}],"inLanguage":"fr-BE"},{"@type":"Person","@id":"https:\/\/cooperationlentillykouila.org\/#\/schema\/person\/fb5a2a2569a211cc7c5c9c7d9519feee","name":"Le Comit\u00e9","image":{"@type":"ImageObject","inLanguage":"fr-BE","@id":"https:\/\/secure.gravatar.com\/avatar\/1e28eb5b66297678f9cf940e2f031e8bc4deee8a50cec8f6fc52c3ce9aad802e?s=96&d=mm&r=g","url":"https:\/\/secure.gravatar.com\/avatar\/1e28eb5b66297678f9cf940e2f031e8bc4deee8a50cec8f6fc52c3ce9aad802e?s=96&d=mm&r=g","contentUrl":"https:\/\/secure.gravatar.com\/avatar\/1e28eb5b66297678f9cf940e2f031e8bc4deee8a50cec8f6fc52c3ce9aad802e?s=96&d=mm&r=g","caption":"Le Comit\u00e9"}}]}},"_links":{"self":[{"href":"https:\/\/cooperationlentillykouila.org\/index.php?rest_route=\/wp\/v2\/posts\/952","targetHints":{"allow":["GET"]}}],"collection":[{"href":"https:\/\/cooperationlentillykouila.org\/index.php?rest_route=\/wp\/v2\/posts"}],"about":[{"href":"https:\/\/cooperationlentillykouila.org\/index.php?rest_route=\/wp\/v2\/types\/post"}],"author":[{"embeddable":true,"href":"https:\/\/cooperationlentillykouila.org\/index.php?rest_route=\/wp\/v2\/users\/2"}],"replies":[{"embeddable":true,"href":"https:\/\/cooperationlentillykouila.org\/index.php?rest_route=%2Fwp%2Fv2%2Fcomments&post=952"}],"version-history":[{"count":5,"href":"https:\/\/cooperationlentillykouila.org\/index.php?rest_route=\/wp\/v2\/posts\/952\/revisions"}],"predecessor-version":[{"id":962,"href":"https:\/\/cooperationlentillykouila.org\/index.php?rest_route=\/wp\/v2\/posts\/952\/revisions\/962"}],"wp:featuredmedia":[{"embeddable":true,"href":"https:\/\/cooperationlentillykouila.org\/index.php?rest_route=\/wp\/v2\/media\/959"}],"wp:attachment":[{"href":"https:\/\/cooperationlentillykouila.org\/index.php?rest_route=%2Fwp%2Fv2%2Fmedia&parent=952"}],"wp:term":[{"taxonomy":"category","embeddable":true,"href":"https:\/\/cooperationlentillykouila.org\/index.php?rest_route=%2Fwp%2Fv2%2Fcategories&post=952"},{"taxonomy":"post_tag","embeddable":true,"href":"https:\/\/cooperationlentillykouila.org\/index.php?rest_route=%2Fwp%2Fv2%2Ftags&post=952"}],"curies":[{"name":"wp","href":"https:\/\/api.w.org\/{rel}","templated":true}]}}